  {"id":11773,"date":"2024-04-08T17:40:58","date_gmt":"2024-04-08T15:40:58","guid":{"rendered":"https:\/\/andreumanteniment.com\/ca\/?p=11773"},"modified":"2024-04-11T10:30:12","modified_gmt":"2024-04-11T08:30:12","slug":"reconeixement-maribel-robert-ferre","status":"publish","type":"post","link":"https:\/\/andreumanteniment.com\/en\/news\/reconeixement-maribel-robert-ferre\/","title":{"rendered":"Recognition to Maribel Robert Ferr\u00e9"},"content":{"rendered":"<div data-elementor-type=\"wp-post\" data-elementor-id=\"11773\" class=\"elementor elementor-11773\">\n\t\t\t\t\t\t<section class=\"elementor-section elementor-top-section elementor-element elementor-element-9e17d7e elementor-section-boxed elementor-section-height-default elementor-section-height-default qodef-elementor-content-no\" data-id=\"9e17d7e\" data-element_type=\"section\" data-e-type=\"section\">\n\t\t\t\t\t\t<div class=\"elementor-container elementor-column-gap-default\">\n\t\t\t\t\t<div class=\"elementor-column elementor-col-100 elementor-top-column elementor-element elementor-element-5e6770b\" data-id=\"5e6770b\" data-element_type=\"column\" data-e-type=\"column\">\n\t\t\t<div class=\"elementor-widget-wrap elementor-element-populated\">\n\t\t\t\t\t\t<div class=\"elementor-element elementor-element-697a4a8 elementor-widget elementor-widget-text-editor\" data-id=\"697a4a8\" data-element_type=\"widget\" data-e-type=\"widget\" data-widget_type=\"text-editor.default\">\n\t\t\t\t<div class=\"elementor-widget-container\">\n\t\t\t\t\t\t\t\t\t<p><strong>Recognition to Maribel Robert Ferr\u00e9 during the celebration of the twenty years of the Andreu Group.<\/strong><\/p><p>\u270d\ufe0f Dear Maribel,<\/p><p class=\"p1\"><span class=\"s1\">Together we have been able to carry out this wonderful project, and today we celebrate its first twenty years.<\/span><\/p><p class=\"p1\"><span class=\"s1\">Thank you very much for your involvement and commitment. We love you! <\/span> \ud83e\udd1d<\/p>\t\t\t\t\t\t\t\t<\/div>\n\t\t\t\t<\/div>\n\t\t\t\t<div class=\"elementor-element elementor-element-e078c6b elementor-widget elementor-widget-image\" data-id=\"e078c6b\" data-element_type=\"widget\" data-e-type=\"widget\" data-widget_type=\"image.default\">\n\t\t\t\t<div class=\"elementor-widget-container\">\n\t\t\t\t\t\t\t\t\t\t\t\t\t\t\t\t<a href=\"https:\/\/andreumanteniment.com\/wp-content\/uploads\/2024\/04\/Maribel01-240308-171021-FT3S5486.jpg\" data-elementor-open-lightbox=\"yes\" data-elementor-lightbox-title=\"Maribel01-240308-171021-FT3S5486\" data-e-action-hash=\"#elementor-action%3Aaction%3Dlightbox%26settings%3DeyJpZCI6MTE3ODIsInVybCI6Imh0dHBzOlwvXC9hbmRyZXVtYW50ZW5pbWVudC5jb21cL3dwLWNvbnRlbnRcL3VwbG9hZHNcLzIwMjRcLzA0XC9NYXJpYmVsMDEtMjQwMzA4LTE3MTAyMS1GVDNTNTQ4Ni5qcGcifQ%3D%3D\">\n\t\t\t\t\t\t\t<img fetchpriority=\"high\" decoding=\"async\" width=\"1400\" height=\"933\" src=\"https:\/\/andreumanteniment.com\/wp-content\/uploads\/2024\/04\/Maribel01-240308-171021-FT3S5486.jpg\" class=\"attachment-full size-full wp-image-11782\" alt=\"\" srcset=\"https:\/\/andreumanteniment.com\/wp-content\/uploads\/2024\/04\/Maribel01-240308-171021-FT3S5486.jpg 1400w, https:\/\/andreumanteniment.com\/wp-content\/uploads\/2024\/04\/Maribel01-240308-171021-FT3S5486-300x200.jpg 300w, https:\/\/andreumanteniment.com\/wp-content\/uploads\/2024\/04\/Maribel01-240308-171021-FT3S5486-1024x682.jpg 1024w, https:\/\/andreumanteniment.com\/wp-content\/uploads\/2024\/04\/Maribel01-240308-171021-FT3S5486-768x512.jpg 768w\" sizes=\"(max-width: 1400px) 100vw, 1400px\" \/>\t\t\t\t\t\t\t\t<\/a>\n\t\t\t\t\t\t\t\t\t\t\t\t\t\t\t<\/div>\n\t\t\t\t<\/div>\n\t\t\t\t<div class=\"elementor-element elementor-element-41425a3 elementor-widget elementor-widget-image\" data-id=\"41425a3\" data-element_type=\"widget\" data-e-type=\"widget\" data-widget_type=\"image.default\">\n\t\t\t\t<div class=\"elementor-widget-container\">\n\t\t\t\t\t\t\t\t\t\t\t\t\t\t\t\t<a href=\"https:\/\/andreumanteniment.com\/wp-content\/uploads\/2024\/04\/Maribel03-240308-143829-FT3S5111.jpg\" data-elementor-open-lightbox=\"yes\" data-elementor-lightbox-title=\"Maribel03-240308-143829-FT3S5111\" data-e-action-hash=\"#elementor-action%3Aaction%3Dlightbox%26settings%3DeyJpZCI6MTE3ODQsInVybCI6Imh0dHBzOlwvXC9hbmRyZXVtYW50ZW5pbWVudC5jb21cL3dwLWNvbnRlbnRcL3VwbG9hZHNcLzIwMjRcLzA0XC9NYXJpYmVsMDMtMjQwMzA4LTE0MzgyOS1GVDNTNTExMS5qcGcifQ%3D%3D\">\n\t\t\t\t\t\t\t<img decoding=\"async\" width=\"1400\" height=\"933\" src=\"https:\/\/andreumanteniment.com\/wp-content\/uploads\/2024\/04\/Maribel03-240308-143829-FT3S5111.jpg\" class=\"attachment-full size-full wp-image-11784\" alt=\"\" srcset=\"https:\/\/andreumanteniment.com\/wp-content\/uploads\/2024\/04\/Maribel03-240308-143829-FT3S5111.jpg 1400w, https:\/\/andreumanteniment.com\/wp-content\/uploads\/2024\/04\/Maribel03-240308-143829-FT3S5111-300x200.jpg 300w, https:\/\/andreumanteniment.com\/wp-content\/uploads\/2024\/04\/Maribel03-240308-143829-FT3S5111-1024x682.jpg 1024w, https:\/\/andreumanteniment.com\/wp-content\/uploads\/2024\/04\/Maribel03-240308-143829-FT3S5111-768x512.jpg 768w\" sizes=\"(max-width: 1400px) 100vw, 1400px\" \/>\t\t\t\t\t\t\t\t<\/a>\n\t\t\t\t\t\t\t\t\t\t\t\t\t\t\t<\/div>\n\t\t\t\t<\/div>\n\t\t\t\t\t<\/div>\n\t\t<\/div>\n\t\t\t\t\t<\/div>\n\t\t<\/section>\n\t\t\t\t<\/div>","protected":false},"excerpt":{"rendered":"<p>Recognition to Maribel Robert Ferr\u00e9 during the celebration of twenty years of the Andreu Group. \u270d\ufe0f Dear Maribel, Together we have been able to carry out this wonderful project, and today we celebrate its first twenty years. Thank you very much for your involvement and commitment. We love you! \ud83e\udd1d<\/p>","protected":false},"author":1,"featured_media":11782,"comment_status":"closed","ping_status":"open","sticky":false,"template":"","format":"standard","meta":{"inline_featured_image":false,"footnotes":""},"categories":[129],"tags":[],"class_list":["post-11773","post","type-post","status-publish","format-standard","has-post-thumbnail","hentry","category-news"],"yoast_head":"<!-- This site is optimized with the Yoast SEO plugin v27.1.1 - https:\/\/yoast.com\/product\/yoast-seo-wordpress\/ -->\n<title>Reconeixement a Maribel Robert Ferr\u00e9 - Andreu Manteniment<\/title>\n<meta name=\"robots\" content=\"index, follow, max-snippet:-1, max-image-preview:large, max-video-preview:-1\" \/>\n<link rel=\"canonical\" href=\"https:\/\/andreumanteniment.com\/en\/news\/reconeixement-maribel-robert-ferre\/\" \/>\n<meta property=\"og:locale\" content=\"en_GB\" \/>\n<meta property=\"og:type\" content=\"article\" \/>\n<meta property=\"og:title\" content=\"Reconeixement a Maribel Robert Ferr\u00e9 - Andreu Manteniment\" \/>\n<meta property=\"og:description\" content=\"Reconeixement a Maribel Robert Ferr\u00e9 durant la celebraci\u00f3 dels vint anys del Grup Andreu. \u270d\ufe0f Benvolguda Maribel, Junts hem estat capa\u00e7os de tirar endavant aquest meravell\u00f3s projecte, i avui en celebrem els primers vint anys. Moltes gr\u00e0cies per la teva implicaci\u00f3 i comprom\u00eds. T&#8217;estimem! \ud83e\udd1d\" \/>\n<meta property=\"og:url\" content=\"https:\/\/andreumanteniment.com\/en\/news\/reconeixement-maribel-robert-ferre\/\" \/>\n<meta property=\"og:site_name\" content=\"Andreu Manteniment\" \/>\n<meta property=\"article:publisher\" content=\"https:\/\/www.facebook.com\/andreumanteniment\" \/>\n<meta property=\"article:published_time\" content=\"2024-04-08T15:40:58+00:00\" \/>\n<meta property=\"article:modified_time\" content=\"2024-04-11T08:30:12+00:00\" \/>\n<meta property=\"og:image\" content=\"https:\/\/andreumanteniment.com\/wp-content\/uploads\/2024\/04\/Maribel01-240308-171021-FT3S5486.jpg\" \/>\n\t<meta property=\"og:image:width\" content=\"1400\" \/>\n\t<meta property=\"og:image:height\" content=\"933\" \/>\n\t<meta property=\"og:image:type\" content=\"image\/jpeg\" \/>\n<meta name=\"author\" content=\"tgd\" \/>\n<meta name=\"twitter:card\" content=\"summary_large_image\" \/>\n<meta name=\"twitter:label1\" content=\"Written by\" \/>\n\t<meta name=\"twitter:data1\" content=\"tgd\" \/>\n\t<meta name=\"twitter:label2\" content=\"Estimated reading time\" \/>\n\t<meta name=\"twitter:data2\" content=\"1 minute\" \/>\n<script type=\"application\/ld+json\" class=\"yoast-schema-graph\">{\"@context\":\"https:\/\/schema.org\",\"@graph\":[{\"@type\":\"Article\",\"@id\":\"https:\/\/andreumanteniment.com\/ca\/news\/reconeixement-maribel-robert-ferre\/#article\",\"isPartOf\":{\"@id\":\"https:\/\/andreumanteniment.com\/ca\/news\/reconeixement-maribel-robert-ferre\/\"},\"author\":{\"name\":\"tgd\",\"@id\":\"http:\/\/andreumanteniment.com\/#\/schema\/person\/029a733ac07a94f0303f1871424b709a\"},\"headline\":\"Reconeixement a Maribel Robert Ferr\u00e9\",\"datePublished\":\"2024-04-08T15:40:58+00:00\",\"dateModified\":\"2024-04-11T08:30:12+00:00\",\"mainEntityOfPage\":{\"@id\":\"https:\/\/andreumanteniment.com\/ca\/news\/reconeixement-maribel-robert-ferre\/\"},\"wordCount\":53,\"publisher\":{\"@id\":\"http:\/\/andreumanteniment.com\/#organization\"},\"image\":{\"@id\":\"https:\/\/andreumanteniment.com\/ca\/news\/reconeixement-maribel-robert-ferre\/#primaryimage\"},\"thumbnailUrl\":\"https:\/\/andreumanteniment.com\/wp-content\/uploads\/2024\/04\/Maribel01-240308-171021-FT3S5486.jpg\",\"articleSection\":[\"News\"],\"inLanguage\":\"en-GB\"},{\"@type\":\"WebPage\",\"@id\":\"https:\/\/andreumanteniment.com\/ca\/news\/reconeixement-maribel-robert-ferre\/\",\"url\":\"https:\/\/andreumanteniment.com\/ca\/news\/reconeixement-maribel-robert-ferre\/\",\"name\":\"Reconeixement a Maribel Robert Ferr\u00e9 - Andreu Manteniment\",\"isPartOf\":{\"@id\":\"http:\/\/andreumanteniment.com\/#website\"},\"primaryImageOfPage\":{\"@id\":\"https:\/\/andreumanteniment.com\/ca\/news\/reconeixement-maribel-robert-ferre\/#primaryimage\"},\"image\":{\"@id\":\"https:\/\/andreumanteniment.com\/ca\/news\/reconeixement-maribel-robert-ferre\/#primaryimage\"},\"thumbnailUrl\":\"https:\/\/andreumanteniment.com\/wp-content\/uploads\/2024\/04\/Maribel01-240308-171021-FT3S5486.jpg\",\"datePublished\":\"2024-04-08T15:40:58+00:00\",\"dateModified\":\"2024-04-11T08:30:12+00:00\",\"breadcrumb\":{\"@id\":\"https:\/\/andreumanteniment.com\/ca\/news\/reconeixement-maribel-robert-ferre\/#breadcrumb\"},\"inLanguage\":\"en-GB\",\"potentialAction\":[{\"@type\":\"ReadAction\",\"target\":[\"https:\/\/andreumanteniment.com\/ca\/news\/reconeixement-maribel-robert-ferre\/\"]}]},{\"@type\":\"ImageObject\",\"inLanguage\":\"en-GB\",\"@id\":\"https:\/\/andreumanteniment.com\/ca\/news\/reconeixement-maribel-robert-ferre\/#primaryimage\",\"url\":\"https:\/\/andreumanteniment.com\/wp-content\/uploads\/2024\/04\/Maribel01-240308-171021-FT3S5486.jpg\",\"contentUrl\":\"https:\/\/andreumanteniment.com\/wp-content\/uploads\/2024\/04\/Maribel01-240308-171021-FT3S5486.jpg\",\"width\":1400,\"height\":933},{\"@type\":\"BreadcrumbList\",\"@id\":\"https:\/\/andreumanteniment.com\/ca\/news\/reconeixement-maribel-robert-ferre\/#breadcrumb\",\"itemListElement\":[{\"@type\":\"ListItem\",\"position\":1,\"name\":\"Inici\",\"item\":\"https:\/\/andreumanteniment.com\/\"},{\"@type\":\"ListItem\",\"position\":2,\"name\":\"Reconeixement a Maribel Robert Ferr\u00e9\"}]},{\"@type\":\"WebSite\",\"@id\":\"http:\/\/andreumanteniment.com\/#website\",\"url\":\"http:\/\/andreumanteniment.com\/\",\"name\":\"Andreu Manteniment\",\"description\":\"Andreu Manteniment Industrial\",\"publisher\":{\"@id\":\"http:\/\/andreumanteniment.com\/#organization\"},\"potentialAction\":[{\"@type\":\"SearchAction\",\"target\":{\"@type\":\"EntryPoint\",\"urlTemplate\":\"http:\/\/andreumanteniment.com\/?s={search_term_string}\"},\"query-input\":{\"@type\":\"PropertyValueSpecification\",\"valueRequired\":true,\"valueName\":\"search_term_string\"}}],\"inLanguage\":\"en-GB\"},{\"@type\":\"Organization\",\"@id\":\"http:\/\/andreumanteniment.com\/#organization\",\"name\":\"Andreu Manteniment Industrial\",\"url\":\"http:\/\/andreumanteniment.com\/\",\"logo\":{\"@type\":\"ImageObject\",\"inLanguage\":\"en-GB\",\"@id\":\"http:\/\/andreumanteniment.com\/#\/schema\/logo\/image\/\",\"url\":\"https:\/\/andreumanteniment.com\/wp-content\/uploads\/2022\/02\/logo-aManteniment.svg\",\"contentUrl\":\"https:\/\/andreumanteniment.com\/wp-content\/uploads\/2022\/02\/logo-aManteniment.svg\",\"width\":\"1024\",\"height\":\"1024\",\"caption\":\"Andreu Manteniment Industrial\"},\"image\":{\"@id\":\"http:\/\/andreumanteniment.com\/#\/schema\/logo\/image\/\"},\"sameAs\":[\"https:\/\/www.facebook.com\/andreumanteniment\",\"https:\/\/www.linkedin.com\/company\/andreumanteniments\/about\/\",\"https:\/\/www.instagram.com\/andreumanteniment\/\"]},{\"@type\":\"Person\",\"@id\":\"http:\/\/andreumanteniment.com\/#\/schema\/person\/029a733ac07a94f0303f1871424b709a\",\"name\":\"tgd\",\"image\":{\"@type\":\"ImageObject\",\"inLanguage\":\"en-GB\",\"@id\":\"http:\/\/andreumanteniment.com\/#\/schema\/person\/image\/\",\"url\":\"https:\/\/secure.gravatar.com\/avatar\/a2d7e40e89d467ba5c5c4e1af71c136746d5598b73f538e3a263e569bf4b4666?s=96&d=mm&r=g\",\"contentUrl\":\"https:\/\/secure.gravatar.com\/avatar\/a2d7e40e89d467ba5c5c4e1af71c136746d5598b73f538e3a263e569bf4b4666?s=96&d=mm&r=g\",\"caption\":\"tgd\"},\"url\":\"https:\/\/andreumanteniment.com\/en\/author\/tgd\/\"}]}<\/script>\n<!-- \/ Yoast SEO plugin. -->","yoast_head_json":{"title":"Reconeixement a Maribel Robert Ferr\u00e9 - Andreu Manteniment","robots":{"index":"index","follow":"follow","max-snippet":"max-snippet:-1","max-image-preview":"max-image-preview:large","max-video-preview":"max-video-preview:-1"},"canonical":"https:\/\/andreumanteniment.com\/en\/news\/reconeixement-maribel-robert-ferre\/","og_locale":"en_GB","og_type":"article","og_title":"Reconeixement a Maribel Robert Ferr\u00e9 - Andreu Manteniment","og_description":"Reconeixement a Maribel Robert Ferr\u00e9 durant la celebraci\u00f3 dels vint anys del Grup Andreu. \u270d\ufe0f Benvolguda Maribel, Junts hem estat capa\u00e7os de tirar endavant aquest meravell\u00f3s projecte, i avui en celebrem els primers vint anys. Moltes gr\u00e0cies per la teva implicaci\u00f3 i comprom\u00eds. T&#8217;estimem! \ud83e\udd1d","og_url":"https:\/\/andreumanteniment.com\/en\/news\/reconeixement-maribel-robert-ferre\/","og_site_name":"Andreu Manteniment","article_publisher":"https:\/\/www.facebook.com\/andreumanteniment","article_published_time":"2024-04-08T15:40:58+00:00","article_modified_time":"2024-04-11T08:30:12+00:00","og_image":[{"width":1400,"height":933,"url":"https:\/\/andreumanteniment.com\/wp-content\/uploads\/2024\/04\/Maribel01-240308-171021-FT3S5486.jpg","type":"image\/jpeg"}],"author":"tgd","twitter_card":"summary_large_image","twitter_misc":{"Written by":"tgd","Estimated reading time":"1 minute"},"schema":{"@context":"https:\/\/schema.org","@graph":[{"@type":"Article","@id":"https:\/\/andreumanteniment.com\/ca\/news\/reconeixement-maribel-robert-ferre\/#article","isPartOf":{"@id":"https:\/\/andreumanteniment.com\/ca\/news\/reconeixement-maribel-robert-ferre\/"},"author":{"name":"tgd","@id":"http:\/\/andreumanteniment.com\/#\/schema\/person\/029a733ac07a94f0303f1871424b709a"},"headline":"Reconeixement a Maribel Robert Ferr\u00e9","datePublished":"2024-04-08T15:40:58+00:00","dateModified":"2024-04-11T08:30:12+00:00","mainEntityOfPage":{"@id":"https:\/\/andreumanteniment.com\/ca\/news\/reconeixement-maribel-robert-ferre\/"},"wordCount":53,"publisher":{"@id":"http:\/\/andreumanteniment.com\/#organization"},"image":{"@id":"https:\/\/andreumanteniment.com\/ca\/news\/reconeixement-maribel-robert-ferre\/#primaryimage"},"thumbnailUrl":"https:\/\/andreumanteniment.com\/wp-content\/uploads\/2024\/04\/Maribel01-240308-171021-FT3S5486.jpg","articleSection":["News"],"inLanguage":"en-GB"},{"@type":"WebPage","@id":"https:\/\/andreumanteniment.com\/ca\/news\/reconeixement-maribel-robert-ferre\/","url":"https:\/\/andreumanteniment.com\/ca\/news\/reconeixement-maribel-robert-ferre\/","name":"Reconeixement a Maribel Robert Ferr\u00e9 - Andreu Manteniment","isPartOf":{"@id":"http:\/\/andreumanteniment.com\/#website"},"primaryImageOfPage":{"@id":"https:\/\/andreumanteniment.com\/ca\/news\/reconeixement-maribel-robert-ferre\/#primaryimage"},"image":{"@id":"https:\/\/andreumanteniment.com\/ca\/news\/reconeixement-maribel-robert-ferre\/#primaryimage"},"thumbnailUrl":"https:\/\/andreumanteniment.com\/wp-content\/uploads\/2024\/04\/Maribel01-240308-171021-FT3S5486.jpg","datePublished":"2024-04-08T15:40:58+00:00","dateModified":"2024-04-11T08:30:12+00:00","breadcrumb":{"@id":"https:\/\/andreumanteniment.com\/ca\/news\/reconeixement-maribel-robert-ferre\/#breadcrumb"},"inLanguage":"en-GB","potentialAction":[{"@type":"ReadAction","target":["https:\/\/andreumanteniment.com\/ca\/news\/reconeixement-maribel-robert-ferre\/"]}]},{"@type":"ImageObject","inLanguage":"en-GB","@id":"https:\/\/andreumanteniment.com\/ca\/news\/reconeixement-maribel-robert-ferre\/#primaryimage","url":"https:\/\/andreumanteniment.com\/wp-content\/uploads\/2024\/04\/Maribel01-240308-171021-FT3S5486.jpg","contentUrl":"https:\/\/andreumanteniment.com\/wp-content\/uploads\/2024\/04\/Maribel01-240308-171021-FT3S5486.jpg","width":1400,"height":933},{"@type":"BreadcrumbList","@id":"https:\/\/andreumanteniment.com\/ca\/news\/reconeixement-maribel-robert-ferre\/#breadcrumb","itemListElement":[{"@type":"ListItem","position":1,"name":"Inici","item":"https:\/\/andreumanteniment.com\/"},{"@type":"ListItem","position":2,"name":"Reconeixement a Maribel Robert Ferr\u00e9"}]},{"@type":"WebSite","@id":"http:\/\/andreumanteniment.com\/#website","url":"http:\/\/andreumanteniment.com\/","name":"Andrew Maintenance","description":"Andreu Mantenimient Industrial","publisher":{"@id":"http:\/\/andreumanteniment.com\/#organization"},"potentialAction":[{"@type":"SearchAction","target":{"@type":"EntryPoint","urlTemplate":"http:\/\/andreumanteniment.com\/?s={search_term_string}"},"query-input":{"@type":"PropertyValueSpecification","valueRequired":true,"valueName":"search_term_string"}}],"inLanguage":"en-GB"},{"@type":"Organization","@id":"http:\/\/andreumanteniment.com\/#organization","name":"Andreu Mantenimient Industrial","url":"http:\/\/andreumanteniment.com\/","logo":{"@type":"ImageObject","inLanguage":"en-GB","@id":"http:\/\/andreumanteniment.com\/#\/schema\/logo\/image\/","url":"https:\/\/andreumanteniment.com\/wp-content\/uploads\/2022\/02\/logo-aManteniment.svg","contentUrl":"https:\/\/andreumanteniment.com\/wp-content\/uploads\/2022\/02\/logo-aManteniment.svg","width":"1024","height":"1024","caption":"Andreu Manteniment Industrial"},"image":{"@id":"http:\/\/andreumanteniment.com\/#\/schema\/logo\/image\/"},"sameAs":["https:\/\/www.facebook.com\/andreumanteniment","https:\/\/www.linkedin.com\/company\/andreumanteniments\/about\/","https:\/\/www.instagram.com\/andreumanteniment\/"]},{"@type":"Person","@id":"http:\/\/andreumanteniment.com\/#\/schema\/person\/029a733ac07a94f0303f1871424b709a","name":"tg","image":{"@type":"ImageObject","inLanguage":"en-GB","@id":"http:\/\/andreumanteniment.com\/#\/schema\/person\/image\/","url":"https:\/\/secure.gravatar.com\/avatar\/a2d7e40e89d467ba5c5c4e1af71c136746d5598b73f538e3a263e569bf4b4666?s=96&d=mm&r=g","contentUrl":"https:\/\/secure.gravatar.com\/avatar\/a2d7e40e89d467ba5c5c4e1af71c136746d5598b73f538e3a263e569bf4b4666?s=96&d=mm&r=g","caption":"tgd"},"url":"https:\/\/andreumanteniment.com\/en\/author\/tgd\/"}]}},"_links":{"self":[{"href":"https:\/\/andreumanteniment.com\/en\/wp-json\/wp\/v2\/posts\/11773","targetHints":{"allow":["GET"]}}],"collection":[{"href":"https:\/\/andreumanteniment.com\/en\/wp-json\/wp\/v2\/posts"}],"about":[{"href":"https:\/\/andreumanteniment.com\/en\/wp-json\/wp\/v2\/types\/post"}],"author":[{"embeddable":true,"href":"https:\/\/andreumanteniment.com\/en\/wp-json\/wp\/v2\/users\/1"}],"replies":[{"embeddable":true,"href":"https:\/\/andreumanteniment.com\/en\/wp-json\/wp\/v2\/comments?post=11773"}],"version-history":[{"count":0,"href":"https:\/\/andreumanteniment.com\/en\/wp-json\/wp\/v2\/posts\/11773\/revisions"}],"wp:featuredmedia":[{"embeddable":true,"href":"https:\/\/andreumanteniment.com\/en\/wp-json\/wp\/v2\/media\/11782"}],"wp:attachment":[{"href":"https:\/\/andreumanteniment.com\/en\/wp-json\/wp\/v2\/media?parent=11773"}],"wp:term":[{"taxonomy":"category","embeddable":true,"href":"https:\/\/andreumanteniment.com\/en\/wp-json\/wp\/v2\/categories?post=11773"},{"taxonomy":"post_tag","embeddable":true,"href":"https:\/\/andreumanteniment.com\/en\/wp-json\/wp\/v2\/tags?post=11773"}],"curies":[{"name":"wp","href":"https:\/\/api.w.org\/{rel}","templated":true}]}}