  {"id":10342,"date":"2022-07-01T09:21:19","date_gmt":"2022-07-01T07:21:19","guid":{"rendered":"https:\/\/andreumanteniment.com\/ca\/?p=10342"},"modified":"2022-07-01T10:14:39","modified_gmt":"2022-07-01T08:14:39","slug":"energia-fotovoltaica-plastics-espelt","status":"publish","type":"post","link":"https:\/\/andreumanteniment.com\/es\/projectes\/energia-fotovoltaica-plastics-espelt\/","title":{"rendered":"Energ\u00eda fotovoltaica Pl\u00e0stics Espelt"},"content":{"rendered":"<div data-elementor-type=\"wp-post\" data-elementor-id=\"10342\" class=\"elementor elementor-10342\">\n\t\t\t\t\t\t<section class=\"elementor-section elementor-top-section elementor-element elementor-element-3665dc85 elementor-section-boxed elementor-section-height-default elementor-section-height-default qodef-elementor-content-no\" data-id=\"3665dc85\" data-element_type=\"section\" data-e-type=\"section\">\n\t\t\t\t\t\t<div class=\"elementor-container elementor-column-gap-default\">\n\t\t\t\t\t<div class=\"elementor-column elementor-col-100 elementor-top-column elementor-element elementor-element-6f19aac4\" data-id=\"6f19aac4\" data-element_type=\"column\" data-e-type=\"column\">\n\t\t\t<div class=\"elementor-widget-wrap elementor-element-populated\">\n\t\t\t\t\t\t<div class=\"elementor-element elementor-element-7b626c13 elementor-widget elementor-widget-image\" data-id=\"7b626c13\" data-element_type=\"widget\" data-e-type=\"widget\" data-widget_type=\"image.default\">\n\t\t\t\t<div class=\"elementor-widget-container\">\n\t\t\t\t\t\t\t\t\t\t\t\t\t\t\t<img fetchpriority=\"high\" decoding=\"async\" width=\"2016\" height=\"908\" src=\"https:\/\/andreumanteniment.com\/wp-content\/uploads\/2022\/04\/andreu-solar-plastics-espelt2.jpg\" class=\"attachment-full size-full wp-image-8391\" alt=\"projecte energia fotovoltaica plastics espelt\" srcset=\"https:\/\/andreumanteniment.com\/wp-content\/uploads\/2022\/04\/andreu-solar-plastics-espelt2.jpg 2016w, https:\/\/andreumanteniment.com\/wp-content\/uploads\/2022\/04\/andreu-solar-plastics-espelt2-300x135.jpg 300w, https:\/\/andreumanteniment.com\/wp-content\/uploads\/2022\/04\/andreu-solar-plastics-espelt2-1024x461.jpg 1024w, https:\/\/andreumanteniment.com\/wp-content\/uploads\/2022\/04\/andreu-solar-plastics-espelt2-768x346.jpg 768w, https:\/\/andreumanteniment.com\/wp-content\/uploads\/2022\/04\/andreu-solar-plastics-espelt2-1536x692.jpg 1536w\" sizes=\"(max-width: 2016px) 100vw, 2016px\" \/>\t\t\t\t\t\t\t\t\t\t\t\t\t\t\t<\/div>\n\t\t\t\t<\/div>\n\t\t\t\t\t<\/div>\n\t\t<\/div>\n\t\t\t\t\t<\/div>\n\t\t<\/section>\n\t\t\t\t<section class=\"elementor-section elementor-top-section elementor-element elementor-element-57875d3b elementor-section-boxed elementor-section-height-default elementor-section-height-default qodef-elementor-content-no\" data-id=\"57875d3b\" data-element_type=\"section\" data-e-type=\"section\">\n\t\t\t\t\t\t<div class=\"elementor-container elementor-column-gap-default\">\n\t\t\t\t\t<div class=\"elementor-column elementor-col-50 elementor-top-column elementor-element elementor-element-531f0a3f\" data-id=\"531f0a3f\" data-element_type=\"column\" data-e-type=\"column\">\n\t\t\t<div class=\"elementor-widget-wrap elementor-element-populated\">\n\t\t\t\t\t\t<div class=\"elementor-element elementor-element-1661b6d0 elementor-widget elementor-widget-heading\" data-id=\"1661b6d0\" data-element_type=\"widget\" data-e-type=\"widget\" data-widget_type=\"heading.default\">\n\t\t\t\t<div class=\"elementor-widget-container\">\n\t\t\t\t\t<h5 class=\"elementor-heading-title elementor-size-default\">Descripci\u00f3n del proyecto:<\/h5>\t\t\t\t<\/div>\n\t\t\t\t<\/div>\n\t\t\t\t<div class=\"elementor-element elementor-element-4c4c0d76 elementor-widget elementor-widget-text-editor\" data-id=\"4c4c0d76\" data-element_type=\"widget\" data-e-type=\"widget\" data-widget_type=\"text-editor.default\">\n\t\t\t\t<div class=\"elementor-widget-container\">\n\t\t\t\t\t\t\t\t\t<p>Instalaci\u00f3n de placas fotovoltaicas en una empresa industrial en Montblanc, la Conca de Barber\u00e0.<\/p>\t\t\t\t\t\t\t\t<\/div>\n\t\t\t\t<\/div>\n\t\t\t\t<div class=\"elementor-element elementor-element-2a84b4cb elementor-widget elementor-widget-heading\" data-id=\"2a84b4cb\" data-element_type=\"widget\" data-e-type=\"widget\" data-widget_type=\"heading.default\">\n\t\t\t\t<div class=\"elementor-widget-container\">\n\t\t\t\t\t<h5 class=\"elementor-heading-title elementor-size-default\">Elementos principales:<\/h5>\t\t\t\t<\/div>\n\t\t\t\t<\/div>\n\t\t\t\t<div class=\"elementor-element elementor-element-18bdb429 elementor-widget elementor-widget-text-editor\" data-id=\"18bdb429\" data-element_type=\"widget\" data-e-type=\"widget\" data-widget_type=\"text-editor.default\">\n\t\t\t\t<div class=\"elementor-widget-container\">\n\t\t\t\t\t\t\t\t\t<ul><li>232 paneles de 104,4 kWp<\/li><li>464 m2<\/li><li>Inversor Huawei de 10 kW<\/li><li>Con compensaci\u00f3n de excedentes<\/li><\/ul>\t\t\t\t\t\t\t\t<\/div>\n\t\t\t\t<\/div>\n\t\t\t\t\t<\/div>\n\t\t<\/div>\n\t\t\t\t<div class=\"elementor-column elementor-col-50 elementor-top-column elementor-element elementor-element-7c519fb0\" data-id=\"7c519fb0\" data-element_type=\"column\" data-e-type=\"column\">\n\t\t\t<div class=\"elementor-widget-wrap elementor-element-populated\">\n\t\t\t\t\t\t<div class=\"elementor-element elementor-element-44293799 elementor-widget elementor-widget-heading\" data-id=\"44293799\" data-element_type=\"widget\" data-e-type=\"widget\" data-widget_type=\"heading.default\">\n\t\t\t\t<div class=\"elementor-widget-container\">\n\t\t\t\t\t<h5 class=\"elementor-heading-title elementor-size-default\">Categor\u00eda<\/h5>\t\t\t\t<\/div>\n\t\t\t\t<\/div>\n\t\t\t\t<div class=\"elementor-element elementor-element-663c78c1 elementor-widget elementor-widget-text-editor\" data-id=\"663c78c1\" data-element_type=\"widget\" data-e-type=\"widget\" data-widget_type=\"text-editor.default\">\n\t\t\t\t<div class=\"elementor-widget-container\">\n\t\t\t\t\t\t\t\t\t<p>Energ\u00eda<\/p>\t\t\t\t\t\t\t\t<\/div>\n\t\t\t\t<\/div>\n\t\t\t\t\t<\/div>\n\t\t<\/div>\n\t\t\t\t\t<\/div>\n\t\t<\/section>\n\t\t\t\t<section class=\"elementor-section elementor-top-section elementor-element elementor-element-ce5181f elementor-section-boxed elementor-section-height-default elementor-section-height-default qodef-elementor-content-no\" data-id=\"ce5181f\" data-element_type=\"section\" data-e-type=\"section\">\n\t\t\t\t\t\t<div class=\"elementor-container elementor-column-gap-default\">\n\t\t\t\t\t<div class=\"elementor-column elementor-col-33 elementor-top-column elementor-element elementor-element-dfbe36f\" data-id=\"dfbe36f\" data-element_type=\"column\" data-e-type=\"column\">\n\t\t\t<div class=\"elementor-widget-wrap elementor-element-populated\">\n\t\t\t\t\t\t<div class=\"elementor-element elementor-element-9d36311 elementor-widget elementor-widget-image\" data-id=\"9d36311\" data-element_type=\"widget\" data-e-type=\"widget\" data-widget_type=\"image.default\">\n\t\t\t\t<div class=\"elementor-widget-container\">\n\t\t\t\t\t\t\t\t\t\t\t\t\t\t\t<img decoding=\"async\" width=\"1024\" height=\"461\" src=\"https:\/\/andreumanteniment.com\/wp-content\/uploads\/2022\/04\/andreu-solar-plastics-espelt3-1024x461.jpg\" class=\"attachment-large size-large wp-image-8525\" alt=\"\" srcset=\"https:\/\/andreumanteniment.com\/wp-content\/uploads\/2022\/04\/andreu-solar-plastics-espelt3-1024x461.jpg 1024w, https:\/\/andreumanteniment.com\/wp-content\/uploads\/2022\/04\/andreu-solar-plastics-espelt3-300x135.jpg 300w, https:\/\/andreumanteniment.com\/wp-content\/uploads\/2022\/04\/andreu-solar-plastics-espelt3-768x346.jpg 768w, https:\/\/andreumanteniment.com\/wp-content\/uploads\/2022\/04\/andreu-solar-plastics-espelt3-1536x692.jpg 1536w, https:\/\/andreumanteniment.com\/wp-content\/uploads\/2022\/04\/andreu-solar-plastics-espelt3.jpg 2016w\" sizes=\"(max-width: 1024px) 100vw, 1024px\" \/>\t\t\t\t\t\t\t\t\t\t\t\t\t\t\t<\/div>\n\t\t\t\t<\/div>\n\t\t\t\t\t<\/div>\n\t\t<\/div>\n\t\t\t\t<div class=\"elementor-column elementor-col-33 elementor-top-column elementor-element elementor-element-2012bac\" data-id=\"2012bac\" data-element_type=\"column\" data-e-type=\"column\">\n\t\t\t<div class=\"elementor-widget-wrap elementor-element-populated\">\n\t\t\t\t\t\t<div class=\"elementor-element elementor-element-20c9413 elementor-widget elementor-widget-image\" data-id=\"20c9413\" data-element_type=\"widget\" data-e-type=\"widget\" data-widget_type=\"image.default\">\n\t\t\t\t<div class=\"elementor-widget-container\">\n\t\t\t\t\t\t\t\t\t\t\t\t\t\t\t<img decoding=\"async\" width=\"1024\" height=\"461\" src=\"https:\/\/andreumanteniment.com\/wp-content\/uploads\/2022\/04\/andreu-solar-plastics-espelt1-1024x461.jpg\" class=\"attachment-large size-large wp-image-8524\" alt=\"\" srcset=\"https:\/\/andreumanteniment.com\/wp-content\/uploads\/2022\/04\/andreu-solar-plastics-espelt1-1024x461.jpg 1024w, https:\/\/andreumanteniment.com\/wp-content\/uploads\/2022\/04\/andreu-solar-plastics-espelt1-300x135.jpg 300w, https:\/\/andreumanteniment.com\/wp-content\/uploads\/2022\/04\/andreu-solar-plastics-espelt1-768x346.jpg 768w, https:\/\/andreumanteniment.com\/wp-content\/uploads\/2022\/04\/andreu-solar-plastics-espelt1-1536x692.jpg 1536w, https:\/\/andreumanteniment.com\/wp-content\/uploads\/2022\/04\/andreu-solar-plastics-espelt1.jpg 2016w\" sizes=\"(max-width: 1024px) 100vw, 1024px\" \/>\t\t\t\t\t\t\t\t\t\t\t\t\t\t\t<\/div>\n\t\t\t\t<\/div>\n\t\t\t\t\t<\/div>\n\t\t<\/div>\n\t\t\t\t<div class=\"elementor-column elementor-col-33 elementor-top-column elementor-element elementor-element-a58b7d4\" data-id=\"a58b7d4\" data-element_type=\"column\" data-e-type=\"column\">\n\t\t\t<div class=\"elementor-widget-wrap elementor-element-populated\">\n\t\t\t\t\t\t<div class=\"elementor-element elementor-element-5fd2bdb elementor-widget elementor-widget-image\" data-id=\"5fd2bdb\" data-element_type=\"widget\" data-e-type=\"widget\" data-widget_type=\"image.default\">\n\t\t\t\t<div class=\"elementor-widget-container\">\n\t\t\t\t\t\t\t\t\t\t\t\t\t\t\t<img loading=\"lazy\" decoding=\"async\" width=\"1024\" height=\"461\" src=\"https:\/\/andreumanteniment.com\/wp-content\/uploads\/2022\/04\/andreu-solar-plastics-espelt2-1024x461.jpg\" class=\"attachment-large size-large wp-image-8391\" alt=\"projecte energia fotovoltaica plastics espelt\" srcset=\"https:\/\/andreumanteniment.com\/wp-content\/uploads\/2022\/04\/andreu-solar-plastics-espelt2-1024x461.jpg 1024w, https:\/\/andreumanteniment.com\/wp-content\/uploads\/2022\/04\/andreu-solar-plastics-espelt2-300x135.jpg 300w, https:\/\/andreumanteniment.com\/wp-content\/uploads\/2022\/04\/andreu-solar-plastics-espelt2-768x346.jpg 768w, https:\/\/andreumanteniment.com\/wp-content\/uploads\/2022\/04\/andreu-solar-plastics-espelt2-1536x692.jpg 1536w, https:\/\/andreumanteniment.com\/wp-content\/uploads\/2022\/04\/andreu-solar-plastics-espelt2.jpg 2016w\" sizes=\"(max-width: 1024px) 100vw, 1024px\" \/>\t\t\t\t\t\t\t\t\t\t\t\t\t\t\t<\/div>\n\t\t\t\t<\/div>\n\t\t\t\t\t<\/div>\n\t\t<\/div>\n\t\t\t\t\t<\/div>\n\t\t<\/section>\n\t\t\t\t<\/div>","protected":false},"excerpt":{"rendered":"<p>Descripci\u00f3n del proyecto: Instalaci\u00f3n de placas fotovoltaicas en una empresa industrial en Montblanc, la Conca de Barber\u00e0. Elementos principales: 232 paneles de 104,4 kWp 464 m2 Inversor Huawei de 10 kW Con compensaci\u00f3n de excedentes Categor\u00eda Energ\u00eda<\/p>","protected":false},"author":1,"featured_media":8391,"comment_status":"closed","ping_status":"open","sticky":false,"template":"elementor_header_footer","format":"standard","meta":{"inline_featured_image":false,"footnotes":""},"categories":[245],"tags":[],"class_list":["post-10342","post","type-post","status-publish","format-standard","has-post-thumbnail","hentry","category-projectes"],"yoast_head":"<!-- This site is optimized with the Yoast SEO plugin v27.1.1 - https:\/\/yoast.com\/product\/yoast-seo-wordpress\/ -->\n<title>Energia fotovoltaica Pl\u00e0stics Espelt - Andreu Manteniment<\/title>\n<meta name=\"robots\" content=\"index, follow, max-snippet:-1, max-image-preview:large, max-video-preview:-1\" \/>\n<link rel=\"canonical\" href=\"https:\/\/andreumanteniment.com\/es\/projectes\/energia-fotovoltaica-plastics-espelt\/\" \/>\n<meta property=\"og:locale\" content=\"es_ES\" \/>\n<meta property=\"og:type\" content=\"article\" \/>\n<meta property=\"og:title\" content=\"Energia fotovoltaica Pl\u00e0stics Espelt - Andreu Manteniment\" \/>\n<meta property=\"og:description\" content=\"Descripci\u00f3 del projecte: Instal\u00b7laci\u00f3 de plaques fotovoltaiques a una empresa industrial a Montblanc, la Conca de Barber\u00e0. Elements principals: 232 panells de 104,4 kWp 464 m2 Inversor Huawei de 10 kW Amb compensaci\u00f3 d\u2019excedents Categoria Energia\" \/>\n<meta property=\"og:url\" content=\"https:\/\/andreumanteniment.com\/es\/projectes\/energia-fotovoltaica-plastics-espelt\/\" \/>\n<meta property=\"og:site_name\" content=\"Andreu Manteniment\" \/>\n<meta property=\"article:publisher\" content=\"https:\/\/www.facebook.com\/andreumanteniment\" \/>\n<meta property=\"article:published_time\" content=\"2022-07-01T07:21:19+00:00\" \/>\n<meta property=\"article:modified_time\" content=\"2022-07-01T08:14:39+00:00\" \/>\n<meta property=\"og:image\" content=\"https:\/\/andreumanteniment.com\/wp-content\/uploads\/2022\/04\/andreu-solar-plastics-espelt2.jpg\" \/>\n\t<meta property=\"og:image:width\" content=\"2016\" \/>\n\t<meta property=\"og:image:height\" content=\"908\" \/>\n\t<meta property=\"og:image:type\" content=\"image\/jpeg\" \/>\n<meta name=\"author\" content=\"tgd\" \/>\n<meta name=\"twitter:card\" content=\"summary_large_image\" \/>\n<meta name=\"twitter:label1\" content=\"Escrito por\" \/>\n\t<meta name=\"twitter:data1\" content=\"tgd\" \/>\n\t<meta name=\"twitter:label2\" content=\"Tiempo de lectura\" \/>\n\t<meta name=\"twitter:data2\" content=\"1 minuto\" \/>\n<script type=\"application\/ld+json\" class=\"yoast-schema-graph\">{\"@context\":\"https:\/\/schema.org\",\"@graph\":[{\"@type\":\"Article\",\"@id\":\"https:\/\/andreumanteniment.com\/ca\/projectes\/energia-fotovoltaica-plastics-espelt\/#article\",\"isPartOf\":{\"@id\":\"https:\/\/andreumanteniment.com\/ca\/projectes\/energia-fotovoltaica-plastics-espelt\/\"},\"author\":{\"name\":\"tgd\",\"@id\":\"http:\/\/andreumanteniment.com\/#\/schema\/person\/029a733ac07a94f0303f1871424b709a\"},\"headline\":\"Energia fotovoltaica Pl\u00e0stics Espelt\",\"datePublished\":\"2022-07-01T07:21:19+00:00\",\"dateModified\":\"2022-07-01T08:14:39+00:00\",\"mainEntityOfPage\":{\"@id\":\"https:\/\/andreumanteniment.com\/ca\/projectes\/energia-fotovoltaica-plastics-espelt\/\"},\"wordCount\":39,\"publisher\":{\"@id\":\"http:\/\/andreumanteniment.com\/#organization\"},\"image\":{\"@id\":\"https:\/\/andreumanteniment.com\/ca\/projectes\/energia-fotovoltaica-plastics-espelt\/#primaryimage\"},\"thumbnailUrl\":\"https:\/\/andreumanteniment.com\/wp-content\/uploads\/2022\/04\/andreu-solar-plastics-espelt2.jpg\",\"articleSection\":[\"Projectes CAT\"],\"inLanguage\":\"es\"},{\"@type\":\"WebPage\",\"@id\":\"https:\/\/andreumanteniment.com\/ca\/projectes\/energia-fotovoltaica-plastics-espelt\/\",\"url\":\"https:\/\/andreumanteniment.com\/ca\/projectes\/energia-fotovoltaica-plastics-espelt\/\",\"name\":\"Energia fotovoltaica Pl\u00e0stics Espelt - Andreu Manteniment\",\"isPartOf\":{\"@id\":\"http:\/\/andreumanteniment.com\/#website\"},\"primaryImageOfPage\":{\"@id\":\"https:\/\/andreumanteniment.com\/ca\/projectes\/energia-fotovoltaica-plastics-espelt\/#primaryimage\"},\"image\":{\"@id\":\"https:\/\/andreumanteniment.com\/ca\/projectes\/energia-fotovoltaica-plastics-espelt\/#primaryimage\"},\"thumbnailUrl\":\"https:\/\/andreumanteniment.com\/wp-content\/uploads\/2022\/04\/andreu-solar-plastics-espelt2.jpg\",\"datePublished\":\"2022-07-01T07:21:19+00:00\",\"dateModified\":\"2022-07-01T08:14:39+00:00\",\"breadcrumb\":{\"@id\":\"https:\/\/andreumanteniment.com\/ca\/projectes\/energia-fotovoltaica-plastics-espelt\/#breadcrumb\"},\"inLanguage\":\"es\",\"potentialAction\":[{\"@type\":\"ReadAction\",\"target\":[\"https:\/\/andreumanteniment.com\/ca\/projectes\/energia-fotovoltaica-plastics-espelt\/\"]}]},{\"@type\":\"ImageObject\",\"inLanguage\":\"es\",\"@id\":\"https:\/\/andreumanteniment.com\/ca\/projectes\/energia-fotovoltaica-plastics-espelt\/#primaryimage\",\"url\":\"https:\/\/andreumanteniment.com\/wp-content\/uploads\/2022\/04\/andreu-solar-plastics-espelt2.jpg\",\"contentUrl\":\"https:\/\/andreumanteniment.com\/wp-content\/uploads\/2022\/04\/andreu-solar-plastics-espelt2.jpg\",\"width\":2016,\"height\":908,\"caption\":\"projecte energia fotovoltaica plastics espelt\"},{\"@type\":\"BreadcrumbList\",\"@id\":\"https:\/\/andreumanteniment.com\/ca\/projectes\/energia-fotovoltaica-plastics-espelt\/#breadcrumb\",\"itemListElement\":[{\"@type\":\"ListItem\",\"position\":1,\"name\":\"Inici\",\"item\":\"https:\/\/andreumanteniment.com\/\"},{\"@type\":\"ListItem\",\"position\":2,\"name\":\"Energia fotovoltaica Pl\u00e0stics Espelt\"}]},{\"@type\":\"WebSite\",\"@id\":\"http:\/\/andreumanteniment.com\/#website\",\"url\":\"http:\/\/andreumanteniment.com\/\",\"name\":\"Andreu Manteniment\",\"description\":\"Andreu Manteniment Industrial\",\"publisher\":{\"@id\":\"http:\/\/andreumanteniment.com\/#organization\"},\"potentialAction\":[{\"@type\":\"SearchAction\",\"target\":{\"@type\":\"EntryPoint\",\"urlTemplate\":\"http:\/\/andreumanteniment.com\/?s={search_term_string}\"},\"query-input\":{\"@type\":\"PropertyValueSpecification\",\"valueRequired\":true,\"valueName\":\"search_term_string\"}}],\"inLanguage\":\"es\"},{\"@type\":\"Organization\",\"@id\":\"http:\/\/andreumanteniment.com\/#organization\",\"name\":\"Andreu Manteniment Industrial\",\"url\":\"http:\/\/andreumanteniment.com\/\",\"logo\":{\"@type\":\"ImageObject\",\"inLanguage\":\"es\",\"@id\":\"http:\/\/andreumanteniment.com\/#\/schema\/logo\/image\/\",\"url\":\"https:\/\/andreumanteniment.com\/wp-content\/uploads\/2022\/02\/logo-aManteniment.svg\",\"contentUrl\":\"https:\/\/andreumanteniment.com\/wp-content\/uploads\/2022\/02\/logo-aManteniment.svg\",\"width\":\"1024\",\"height\":\"1024\",\"caption\":\"Andreu Manteniment Industrial\"},\"image\":{\"@id\":\"http:\/\/andreumanteniment.com\/#\/schema\/logo\/image\/\"},\"sameAs\":[\"https:\/\/www.facebook.com\/andreumanteniment\",\"https:\/\/www.linkedin.com\/company\/andreumanteniments\/about\/\",\"https:\/\/www.instagram.com\/andreumanteniment\/\"]},{\"@type\":\"Person\",\"@id\":\"http:\/\/andreumanteniment.com\/#\/schema\/person\/029a733ac07a94f0303f1871424b709a\",\"name\":\"tgd\",\"image\":{\"@type\":\"ImageObject\",\"inLanguage\":\"es\",\"@id\":\"http:\/\/andreumanteniment.com\/#\/schema\/person\/image\/\",\"url\":\"https:\/\/secure.gravatar.com\/avatar\/a2d7e40e89d467ba5c5c4e1af71c136746d5598b73f538e3a263e569bf4b4666?s=96&d=mm&r=g\",\"contentUrl\":\"https:\/\/secure.gravatar.com\/avatar\/a2d7e40e89d467ba5c5c4e1af71c136746d5598b73f538e3a263e569bf4b4666?s=96&d=mm&r=g\",\"caption\":\"tgd\"},\"url\":\"https:\/\/andreumanteniment.com\/es\/author\/tgd\/\"}]}<\/script>\n<!-- \/ Yoast SEO plugin. -->","yoast_head_json":{"title":"Energia fotovoltaica Pl\u00e0stics Espelt - Andreu Manteniment","robots":{"index":"index","follow":"follow","max-snippet":"max-snippet:-1","max-image-preview":"max-image-preview:large","max-video-preview":"max-video-preview:-1"},"canonical":"https:\/\/andreumanteniment.com\/es\/projectes\/energia-fotovoltaica-plastics-espelt\/","og_locale":"es_ES","og_type":"article","og_title":"Energia fotovoltaica Pl\u00e0stics Espelt - Andreu Manteniment","og_description":"Descripci\u00f3 del projecte: Instal\u00b7laci\u00f3 de plaques fotovoltaiques a una empresa industrial a Montblanc, la Conca de Barber\u00e0. Elements principals: 232 panells de 104,4 kWp 464 m2 Inversor Huawei de 10 kW Amb compensaci\u00f3 d\u2019excedents Categoria Energia","og_url":"https:\/\/andreumanteniment.com\/es\/projectes\/energia-fotovoltaica-plastics-espelt\/","og_site_name":"Andreu Manteniment","article_publisher":"https:\/\/www.facebook.com\/andreumanteniment","article_published_time":"2022-07-01T07:21:19+00:00","article_modified_time":"2022-07-01T08:14:39+00:00","og_image":[{"width":2016,"height":908,"url":"https:\/\/andreumanteniment.com\/wp-content\/uploads\/2022\/04\/andreu-solar-plastics-espelt2.jpg","type":"image\/jpeg"}],"author":"tgd","twitter_card":"summary_large_image","twitter_misc":{"Escrito por":"tgd","Tiempo de lectura":"1 minuto"},"schema":{"@context":"https:\/\/schema.org","@graph":[{"@type":"Article","@id":"https:\/\/andreumanteniment.com\/ca\/projectes\/energia-fotovoltaica-plastics-espelt\/#article","isPartOf":{"@id":"https:\/\/andreumanteniment.com\/ca\/projectes\/energia-fotovoltaica-plastics-espelt\/"},"author":{"name":"tgd","@id":"http:\/\/andreumanteniment.com\/#\/schema\/person\/029a733ac07a94f0303f1871424b709a"},"headline":"Energia fotovoltaica Pl\u00e0stics Espelt","datePublished":"2022-07-01T07:21:19+00:00","dateModified":"2022-07-01T08:14:39+00:00","mainEntityOfPage":{"@id":"https:\/\/andreumanteniment.com\/ca\/projectes\/energia-fotovoltaica-plastics-espelt\/"},"wordCount":39,"publisher":{"@id":"http:\/\/andreumanteniment.com\/#organization"},"image":{"@id":"https:\/\/andreumanteniment.com\/ca\/projectes\/energia-fotovoltaica-plastics-espelt\/#primaryimage"},"thumbnailUrl":"https:\/\/andreumanteniment.com\/wp-content\/uploads\/2022\/04\/andreu-solar-plastics-espelt2.jpg","articleSection":["Projectes CAT"],"inLanguage":"es"},{"@type":"WebPage","@id":"https:\/\/andreumanteniment.com\/ca\/projectes\/energia-fotovoltaica-plastics-espelt\/","url":"https:\/\/andreumanteniment.com\/ca\/projectes\/energia-fotovoltaica-plastics-espelt\/","name":"Energia fotovoltaica Pl\u00e0stics Espelt - Andreu Manteniment","isPartOf":{"@id":"http:\/\/andreumanteniment.com\/#website"},"primaryImageOfPage":{"@id":"https:\/\/andreumanteniment.com\/ca\/projectes\/energia-fotovoltaica-plastics-espelt\/#primaryimage"},"image":{"@id":"https:\/\/andreumanteniment.com\/ca\/projectes\/energia-fotovoltaica-plastics-espelt\/#primaryimage"},"thumbnailUrl":"https:\/\/andreumanteniment.com\/wp-content\/uploads\/2022\/04\/andreu-solar-plastics-espelt2.jpg","datePublished":"2022-07-01T07:21:19+00:00","dateModified":"2022-07-01T08:14:39+00:00","breadcrumb":{"@id":"https:\/\/andreumanteniment.com\/ca\/projectes\/energia-fotovoltaica-plastics-espelt\/#breadcrumb"},"inLanguage":"es","potentialAction":[{"@type":"ReadAction","target":["https:\/\/andreumanteniment.com\/ca\/projectes\/energia-fotovoltaica-plastics-espelt\/"]}]},{"@type":"ImageObject","inLanguage":"es","@id":"https:\/\/andreumanteniment.com\/ca\/projectes\/energia-fotovoltaica-plastics-espelt\/#primaryimage","url":"https:\/\/andreumanteniment.com\/wp-content\/uploads\/2022\/04\/andreu-solar-plastics-espelt2.jpg","contentUrl":"https:\/\/andreumanteniment.com\/wp-content\/uploads\/2022\/04\/andreu-solar-plastics-espelt2.jpg","width":2016,"height":908,"caption":"projecte energia fotovoltaica plastics espelt"},{"@type":"BreadcrumbList","@id":"https:\/\/andreumanteniment.com\/ca\/projectes\/energia-fotovoltaica-plastics-espelt\/#breadcrumb","itemListElement":[{"@type":"ListItem","position":1,"name":"Inici","item":"https:\/\/andreumanteniment.com\/"},{"@type":"ListItem","position":2,"name":"Energia fotovoltaica Pl\u00e0stics Espelt"}]},{"@type":"WebSite","@id":"http:\/\/andreumanteniment.com\/#website","url":"http:\/\/andreumanteniment.com\/","name":"Andreu Mantenimiento","description":"Andreu Manteniment Industrial","publisher":{"@id":"http:\/\/andreumanteniment.com\/#organization"},"potentialAction":[{"@type":"SearchAction","target":{"@type":"EntryPoint","urlTemplate":"http:\/\/andreumanteniment.com\/?s={search_term_string}"},"query-input":{"@type":"PropertyValueSpecification","valueRequired":true,"valueName":"search_term_string"}}],"inLanguage":"es"},{"@type":"Organization","@id":"http:\/\/andreumanteniment.com\/#organization","name":"Andreu Manteniment Industrial","url":"http:\/\/andreumanteniment.com\/","logo":{"@type":"ImageObject","inLanguage":"es","@id":"http:\/\/andreumanteniment.com\/#\/schema\/logo\/image\/","url":"https:\/\/andreumanteniment.com\/wp-content\/uploads\/2022\/02\/logo-aManteniment.svg","contentUrl":"https:\/\/andreumanteniment.com\/wp-content\/uploads\/2022\/02\/logo-aManteniment.svg","width":"1024","height":"1024","caption":"Andreu Manteniment Industrial"},"image":{"@id":"http:\/\/andreumanteniment.com\/#\/schema\/logo\/image\/"},"sameAs":["https:\/\/www.facebook.com\/andreumanteniment","https:\/\/www.linkedin.com\/company\/andreumanteniments\/about\/","https:\/\/www.instagram.com\/andreumanteniment\/"]},{"@type":"Person","@id":"http:\/\/andreumanteniment.com\/#\/schema\/person\/029a733ac07a94f0303f1871424b709a","name":"tgd","image":{"@type":"ImageObject","inLanguage":"es","@id":"http:\/\/andreumanteniment.com\/#\/schema\/person\/image\/","url":"https:\/\/secure.gravatar.com\/avatar\/a2d7e40e89d467ba5c5c4e1af71c136746d5598b73f538e3a263e569bf4b4666?s=96&d=mm&r=g","contentUrl":"https:\/\/secure.gravatar.com\/avatar\/a2d7e40e89d467ba5c5c4e1af71c136746d5598b73f538e3a263e569bf4b4666?s=96&d=mm&r=g","caption":"tgd"},"url":"https:\/\/andreumanteniment.com\/es\/author\/tgd\/"}]}},"_links":{"self":[{"href":"https:\/\/andreumanteniment.com\/es\/wp-json\/wp\/v2\/posts\/10342","targetHints":{"allow":["GET"]}}],"collection":[{"href":"https:\/\/andreumanteniment.com\/es\/wp-json\/wp\/v2\/posts"}],"about":[{"href":"https:\/\/andreumanteniment.com\/es\/wp-json\/wp\/v2\/types\/post"}],"author":[{"embeddable":true,"href":"https:\/\/andreumanteniment.com\/es\/wp-json\/wp\/v2\/users\/1"}],"replies":[{"embeddable":true,"href":"https:\/\/andreumanteniment.com\/es\/wp-json\/wp\/v2\/comments?post=10342"}],"version-history":[{"count":0,"href":"https:\/\/andreumanteniment.com\/es\/wp-json\/wp\/v2\/posts\/10342\/revisions"}],"wp:featuredmedia":[{"embeddable":true,"href":"https:\/\/andreumanteniment.com\/es\/wp-json\/wp\/v2\/media\/8391"}],"wp:attachment":[{"href":"https:\/\/andreumanteniment.com\/es\/wp-json\/wp\/v2\/media?parent=10342"}],"wp:term":[{"taxonomy":"category","embeddable":true,"href":"https:\/\/andreumanteniment.com\/es\/wp-json\/wp\/v2\/categories?post=10342"},{"taxonomy":"post_tag","embeddable":true,"href":"https:\/\/andreumanteniment.com\/es\/wp-json\/wp\/v2\/tags?post=10342"}],"curies":[{"name":"wp","href":"https:\/\/api.w.org\/{rel}","templated":true}]}}