  {"id":37537,"date":"2025-12-02T15:55:20","date_gmt":"2025-12-02T13:55:20","guid":{"rendered":"https:\/\/andreumanteniment.com\/?p=37537"},"modified":"2025-12-02T17:03:04","modified_gmt":"2025-12-02T15:03:04","slug":"el-grup-andreu-participa-en-el-primer-forum-empresa-ia","status":"publish","type":"post","link":"https:\/\/andreumanteniment.com\/es\/news\/el-grup-andreu-participa-en-el-primer-forum-empresa-ia\/","title":{"rendered":"El Grupo Andreu participa en el primer Foro Empresa &amp; IA"},"content":{"rendered":"<div data-elementor-type=\"wp-post\" data-elementor-id=\"37537\" class=\"elementor elementor-37537\">\n\t\t\t\t\t\t<section class=\"elementor-section elementor-top-section elementor-element elementor-element-6a461166 elementor-section-boxed elementor-section-height-default elementor-section-height-default qodef-elementor-content-no\" data-id=\"6a461166\" data-element_type=\"section\" data-e-type=\"section\">\n\t\t\t\t\t\t<div class=\"elementor-container elementor-column-gap-default\">\n\t\t\t\t\t<div class=\"elementor-column elementor-col-100 elementor-top-column elementor-element elementor-element-4a9ef03e\" data-id=\"4a9ef03e\" data-element_type=\"column\" data-e-type=\"column\">\n\t\t\t<div class=\"elementor-widget-wrap elementor-element-populated\">\n\t\t\t\t\t\t<div class=\"elementor-element elementor-element-2a7208e0 elementor-widget elementor-widget-text-editor\" data-id=\"2a7208e0\" data-element_type=\"widget\" data-e-type=\"widget\" data-widget_type=\"text-editor.default\">\n\t\t\t\t<div class=\"elementor-widget-container\">\n\t\t\t\t\t\t\t\t\t\n<p>Valls, 28 de noviembre de 2025. El <strong>Grup Andreu Proyectos Industriales<\/strong> particip\u00f3, el mi\u00e9rcoles 26 de noviembre, en el <strong>Foro Empresa &amp; IA: reflexiones sobre el impacto de la inteligencia artificial en las empresas<\/strong>, organizado por la\u00a0<strong><a href=\"https:\/\/cambravalls.com\/\">C\u00e1mara de Comercio de Valls<\/a><\/strong>\u00a0con el t\u00edtulo de: <strong>Foro Empresa &amp; IA: Valls lidera. Alto rendimiento con IA<\/strong>, una jornada que reuni\u00f3 a empresarios, profesionales e instituciones interesadas en conocer c\u00f3mo la inteligencia artificial puede impulsar la competitividad, la eficiencia y la gesti\u00f3n del talento en las peque\u00f1as y medianas empresas.<\/p>\n\n\n\n<p>El evento, celebrado en el sal\u00f3n de actos de la C\u00e1mara, cont\u00f3 con tres ponentes de referencia en transformaci\u00f3n digital y talento.\u00a0<strong>Pau Esteve,<\/strong>\u00a0CEO de <strong><a href=\"https:\/\/www.soulphygital.tech\/\">Soul Phygital<\/a>,<\/strong> abri\u00f3 la jornada hablando de la inteligencia humana en el escenario global. Destac\u00f3 c\u00f3mo la IA puede transformar el negocio omnicanal, mejorar la productividad y reducir costes, con un enfoque centr\u00e1ndose en clientes, productividad, nuevos modelos de negocio y personas. Tambi\u00e9n remarc\u00f3 la importancia de una estrategia de gesti\u00f3n de riesgos y adopci\u00f3n responsable de la IA para conseguir un retorno positivo.\u00a0<\/p>\n\n\n\n<p>En cuanto a la ponencia de\u00a0<strong>Laura Perea,<\/strong>\u00a0AI Strategist de <strong><a href=\"https:\/\/www.pepsico.es\/\">PepsiCo<\/a><\/strong> habl\u00f3 de arraigar la IA responsable a la identidad corporativa, poniendo de relieve la gesti\u00f3n \u00e9tica y la gobernanza de la IA en empresas globales como Nestl\u00e9 y PepsiCo. Cit\u00f3 el dilema entre la promesa de la IA y los retornos dif\u00edciles de medir y recomend\u00f3 seguir los principios de la OCDE para la IA: transparencia, robustez y equidad.\u00a0<\/p>\n\n\n\n<p>Por \u00faltimo,\u00a0<strong>Jordi Arruf\u00ed,<\/strong>\u00a0director de desarrollo corporativo de <a href=\"https:\/\/mobileworldcapital.com\/ca\/\"><strong>Mobile World Capital Barcelona<\/strong><\/a>, reflexion\u00f3 sobre c\u00f3mo la nueva ola tecnol\u00f3gica transformar\u00e1 el trabajo. Destac\u00f3 aplicaciones emergentes como la detecci\u00f3n de c\u00e1ncer, rob\u00f3tica avanzada o agentes de IA que controlan ordenadores, y predijo que en cinco a\u00f1os la IA podr\u00e1 generar l\u00f3gica en el \u00e1mbito humano y crear contenidos audiovisuales completos. Tambi\u00e9n subray\u00f3 que, pese a la automatizaci\u00f3n, el efecto neto de la IA ser\u00e1 la creaci\u00f3n de m\u00e1s puestos de trabajo a nivel global.<\/p>\n\n\n\n<p><strong>Jordi Andreu Ribas<\/strong>gerente del <strong>Grup Andreu Proyectos Industriales<\/strong>, moder\u00f3 la mesa redonda entre los ponentes y posteriormente entre el p\u00fablico asistente sobre retos y oportunidades de la IA para las empresas.<\/p>\n\n\n\n<p>Por parte del <strong>Grup Andreu Proyectos Industriales<\/strong>, participaron: <strong>Maribel Robert<\/strong>, jefe del departamento de finanzas; <strong>L\u00eddia Gistau<\/strong> de recursos humanos; <strong>Laura Calavera<\/strong> jefe del departamento de compras; y <strong>Karen Corral<\/strong> de prevenci\u00f3n y riesgos laborales.<\/p>\n\n\n\n<p><\/p>\n\t\t\t\t\t\t\t\t<\/div>\n\t\t\t\t<\/div>\n\t\t\t\t\t<\/div>\n\t\t<\/div>\n\t\t\t\t\t<\/div>\n\t\t<\/section>\n\t\t\t\t<section class=\"elementor-section elementor-top-section elementor-element elementor-element-d11b7ac elementor-section-boxed elementor-section-height-default elementor-section-height-default qodef-elementor-content-no\" data-id=\"d11b7ac\" data-element_type=\"section\" data-e-type=\"section\">\n\t\t\t\t\t\t<div class=\"elementor-container elementor-column-gap-default\">\n\t\t\t\t\t<div class=\"elementor-column elementor-col-50 elementor-top-column elementor-element elementor-element-e7ca958\" data-id=\"e7ca958\" data-element_type=\"column\" data-e-type=\"column\">\n\t\t\t<div class=\"elementor-widget-wrap elementor-element-populated\">\n\t\t\t\t\t\t<div class=\"elementor-element elementor-element-8485398 elementor-widget elementor-widget-image\" data-id=\"8485398\" data-element_type=\"widget\" data-e-type=\"widget\" data-widget_type=\"image.default\">\n\t\t\t\t<div class=\"elementor-widget-container\">\n\t\t\t\t\t\t\t\t\t\t\t\t\t\t\t<img fetchpriority=\"high\" decoding=\"async\" width=\"768\" height=\"1024\" src=\"https:\/\/andreumanteniment.com\/wp-content\/uploads\/2025\/12\/JordiArrufi-CambraValls-1-768x1024.jpg\" class=\"attachment-large size-large wp-image-37545\" alt=\"F\u00f2rum Empresa &amp; IA: Valls lidera. Cambra Valls\" srcset=\"https:\/\/andreumanteniment.com\/wp-content\/uploads\/2025\/12\/JordiArrufi-CambraValls-1-768x1024.jpg 768w, https:\/\/andreumanteniment.com\/wp-content\/uploads\/2025\/12\/JordiArrufi-CambraValls-1-225x300.jpg 225w, https:\/\/andreumanteniment.com\/wp-content\/uploads\/2025\/12\/JordiArrufi-CambraValls-1-9x12.jpg 9w, https:\/\/andreumanteniment.com\/wp-content\/uploads\/2025\/12\/JordiArrufi-CambraValls-1.jpg 900w\" sizes=\"(max-width: 768px) 100vw, 768px\" \/>\t\t\t\t\t\t\t\t\t\t\t\t\t\t\t<\/div>\n\t\t\t\t<\/div>\n\t\t\t\t\t<\/div>\n\t\t<\/div>\n\t\t\t\t<div class=\"elementor-column elementor-col-50 elementor-top-column elementor-element elementor-element-70fdad5\" data-id=\"70fdad5\" data-element_type=\"column\" data-e-type=\"column\">\n\t\t\t<div class=\"elementor-widget-wrap elementor-element-populated\">\n\t\t\t\t\t\t<div class=\"elementor-element elementor-element-a6538e9 elementor-widget elementor-widget-image\" data-id=\"a6538e9\" data-element_type=\"widget\" data-e-type=\"widget\" data-widget_type=\"image.default\">\n\t\t\t\t<div class=\"elementor-widget-container\">\n\t\t\t\t\t\t\t\t\t\t\t\t\t\t\t<img decoding=\"async\" width=\"768\" height=\"1024\" src=\"https:\/\/andreumanteniment.com\/wp-content\/uploads\/2025\/12\/JordiAndreu-CambraValls-768x1024.jpg\" class=\"attachment-large size-large wp-image-37544\" alt=\"F\u00f2rum Empresa &amp; IA: Valls lidera. Cambra Valls\" srcset=\"https:\/\/andreumanteniment.com\/wp-content\/uploads\/2025\/12\/JordiAndreu-CambraValls-768x1024.jpg 768w, https:\/\/andreumanteniment.com\/wp-content\/uploads\/2025\/12\/JordiAndreu-CambraValls-225x300.jpg 225w, https:\/\/andreumanteniment.com\/wp-content\/uploads\/2025\/12\/JordiAndreu-CambraValls-9x12.jpg 9w, https:\/\/andreumanteniment.com\/wp-content\/uploads\/2025\/12\/JordiAndreu-CambraValls.jpg 900w\" sizes=\"(max-width: 768px) 100vw, 768px\" \/>\t\t\t\t\t\t\t\t\t\t\t\t\t\t\t<\/div>\n\t\t\t\t<\/div>\n\t\t\t\t\t<\/div>\n\t\t<\/div>\n\t\t\t\t\t<\/div>\n\t\t<\/section>\n\t\t\t\t<section class=\"elementor-section elementor-top-section elementor-element elementor-element-8f3d60e elementor-section-boxed elementor-section-height-default elementor-section-height-default qodef-elementor-content-no\" data-id=\"8f3d60e\" data-element_type=\"section\" data-e-type=\"section\">\n\t\t\t\t\t\t<div class=\"elementor-container elementor-column-gap-default\">\n\t\t\t\t\t<div class=\"elementor-column elementor-col-50 elementor-top-column elementor-element elementor-element-9eef88e\" data-id=\"9eef88e\" data-element_type=\"column\" data-e-type=\"column\">\n\t\t\t<div class=\"elementor-widget-wrap elementor-element-populated\">\n\t\t\t\t\t\t<div class=\"elementor-element elementor-element-6349cce elementor-widget elementor-widget-image\" data-id=\"6349cce\" data-element_type=\"widget\" data-e-type=\"widget\" data-widget_type=\"image.default\">\n\t\t\t\t<div class=\"elementor-widget-container\">\n\t\t\t\t\t\t\t\t\t\t\t\t\t\t\t<img decoding=\"async\" width=\"768\" height=\"1024\" src=\"https:\/\/andreumanteniment.com\/wp-content\/uploads\/2025\/12\/PauEsteve-CambraValls-768x1024.jpg\" class=\"attachment-large size-large wp-image-37543\" alt=\"F\u00f2rum Empresa &amp; IA: Valls lidera. Cambra Valls\" srcset=\"https:\/\/andreumanteniment.com\/wp-content\/uploads\/2025\/12\/PauEsteve-CambraValls-768x1024.jpg 768w, https:\/\/andreumanteniment.com\/wp-content\/uploads\/2025\/12\/PauEsteve-CambraValls-225x300.jpg 225w, https:\/\/andreumanteniment.com\/wp-content\/uploads\/2025\/12\/PauEsteve-CambraValls-9x12.jpg 9w, https:\/\/andreumanteniment.com\/wp-content\/uploads\/2025\/12\/PauEsteve-CambraValls.jpg 900w\" sizes=\"(max-width: 768px) 100vw, 768px\" \/>\t\t\t\t\t\t\t\t\t\t\t\t\t\t\t<\/div>\n\t\t\t\t<\/div>\n\t\t\t\t\t<\/div>\n\t\t<\/div>\n\t\t\t\t<div class=\"elementor-column elementor-col-50 elementor-top-column elementor-element elementor-element-ec77cc2\" data-id=\"ec77cc2\" data-element_type=\"column\" data-e-type=\"column\">\n\t\t\t<div class=\"elementor-widget-wrap elementor-element-populated\">\n\t\t\t\t\t\t<div class=\"elementor-element elementor-element-c9e17c8 elementor-widget elementor-widget-image\" data-id=\"c9e17c8\" data-element_type=\"widget\" data-e-type=\"widget\" data-widget_type=\"image.default\">\n\t\t\t\t<div class=\"elementor-widget-container\">\n\t\t\t\t\t\t\t\t\t\t\t\t\t\t\t<img loading=\"lazy\" decoding=\"async\" width=\"768\" height=\"1024\" src=\"https:\/\/andreumanteniment.com\/wp-content\/uploads\/2025\/12\/LauraPerea-CambraValls-768x1024.jpg\" class=\"attachment-large size-large wp-image-37542\" alt=\"F\u00f2rum Empresa &amp; IA: Valls lidera. Cambra Valls\" srcset=\"https:\/\/andreumanteniment.com\/wp-content\/uploads\/2025\/12\/LauraPerea-CambraValls-768x1024.jpg 768w, https:\/\/andreumanteniment.com\/wp-content\/uploads\/2025\/12\/LauraPerea-CambraValls-225x300.jpg 225w, https:\/\/andreumanteniment.com\/wp-content\/uploads\/2025\/12\/LauraPerea-CambraValls-9x12.jpg 9w, https:\/\/andreumanteniment.com\/wp-content\/uploads\/2025\/12\/LauraPerea-CambraValls.jpg 900w\" sizes=\"(max-width: 768px) 100vw, 768px\" \/>\t\t\t\t\t\t\t\t\t\t\t\t\t\t\t<\/div>\n\t\t\t\t<\/div>\n\t\t\t\t\t<\/div>\n\t\t<\/div>\n\t\t\t\t\t<\/div>\n\t\t<\/section>\n\t\t\t\t<section class=\"elementor-section elementor-top-section elementor-element elementor-element-a913fd8 elementor-section-boxed elementor-section-height-default elementor-section-height-default qodef-elementor-content-no\" data-id=\"a913fd8\" data-element_type=\"section\" data-e-type=\"section\">\n\t\t\t\t\t\t<div class=\"elementor-container elementor-column-gap-default\">\n\t\t\t\t\t<div class=\"elementor-column elementor-col-100 elementor-top-column elementor-element elementor-element-a9803a6\" data-id=\"a9803a6\" data-element_type=\"column\" data-e-type=\"column\">\n\t\t\t<div class=\"elementor-widget-wrap elementor-element-populated\">\n\t\t\t\t\t\t<div class=\"elementor-element elementor-element-61c2bbc elementor-widget elementor-widget-image\" data-id=\"61c2bbc\" data-element_type=\"widget\" data-e-type=\"widget\" data-widget_type=\"image.default\">\n\t\t\t\t<div class=\"elementor-widget-container\">\n\t\t\t\t\t\t\t\t\t\t\t\t\t\t\t<img loading=\"lazy\" decoding=\"async\" width=\"1024\" height=\"768\" src=\"https:\/\/andreumanteniment.com\/wp-content\/uploads\/2025\/12\/FOTO-GRUPAL-I-1024x768.jpg\" class=\"attachment-large size-large wp-image-37540\" alt=\"F\u00f2rum Empresa &amp; IA: Valls lidera. Cambra Valls\" srcset=\"https:\/\/andreumanteniment.com\/wp-content\/uploads\/2025\/12\/FOTO-GRUPAL-I-1024x768.jpg 1024w, https:\/\/andreumanteniment.com\/wp-content\/uploads\/2025\/12\/FOTO-GRUPAL-I-300x225.jpg 300w, https:\/\/andreumanteniment.com\/wp-content\/uploads\/2025\/12\/FOTO-GRUPAL-I-768x576.jpg 768w, https:\/\/andreumanteniment.com\/wp-content\/uploads\/2025\/12\/FOTO-GRUPAL-I-1536x1152.jpg 1536w, https:\/\/andreumanteniment.com\/wp-content\/uploads\/2025\/12\/FOTO-GRUPAL-I-16x12.jpg 16w, https:\/\/andreumanteniment.com\/wp-content\/uploads\/2025\/12\/FOTO-GRUPAL-I.jpg 1920w\" sizes=\"(max-width: 1024px) 100vw, 1024px\" \/>\t\t\t\t\t\t\t\t\t\t\t\t\t\t\t<\/div>\n\t\t\t\t<\/div>\n\t\t\t\t\t<\/div>\n\t\t<\/div>\n\t\t\t\t\t<\/div>\n\t\t<\/section>\n\t\t\t\t<\/div>","protected":false},"excerpt":{"rendered":"<p>Valls, 28 de novembre de 2025. El Grup Andreu Projectes Industrials va participar, el dimecres 26 de novembre, en el F\u00f2rum Empresa &amp; IA: reflexions sobre l\u2019impacte de la intel\u00b7lig\u00e8ncia artificial a les empreses, organitzat per la\u00a0Cambra de Comer\u00e7 de Valls\u00a0amb el t\u00edtol de: F\u00f2rum Empresa &amp; IA: Valls lidera. Alt rendiment amb IA, una [&hellip;]<\/p>\n","protected":false},"author":1,"featured_media":37539,"comment_status":"closed","ping_status":"open","sticky":false,"template":"","format":"standard","meta":{"inline_featured_image":false,"footnotes":""},"categories":[129],"tags":[406,407,404,405],"class_list":["post-37537","post","type-post","status-publish","format-standard","has-post-thumbnail","hentry","category-news","tag-digitalitzacio","tag-estrategia","tag-ia","tag-inteligencia-artificial"],"yoast_head":"<!-- This site is optimized with the Yoast SEO plugin v27.1.1 - https:\/\/yoast.com\/product\/yoast-seo-wordpress\/ -->\n<title>El Grup Andreu participa en el primer F\u00f2rum Empresa &amp; IA - Andreu Manteniment<\/title>\n<meta name=\"description\" content=\"El Grup Andreu Projectes Industrials va participar, el dimecres 26 de novembre, en el F\u00f2rum Empresa &amp; IA: reflexions sobre l\u2019impacte de la intel\u00b7lig\u00e8ncia artificial a les empreses, organitzat per la Cambra de Comer\u00e7 de Valls amb el t\u00edtol de: F\u00f2rum Empresa &amp; IA: Valls lidera. Alt rendiment amb IA.\" \/>\n<meta name=\"robots\" content=\"index, follow, max-snippet:-1, max-image-preview:large, max-video-preview:-1\" \/>\n<link rel=\"canonical\" href=\"https:\/\/andreumanteniment.com\/es\/news\/el-grup-andreu-participa-en-el-primer-forum-empresa-ia\/\" \/>\n<meta property=\"og:locale\" content=\"es_ES\" \/>\n<meta property=\"og:type\" content=\"article\" \/>\n<meta property=\"og:title\" content=\"El Grup Andreu participa en el primer F\u00f2rum Empresa &amp; IA - Andreu Manteniment\" \/>\n<meta property=\"og:description\" content=\"El Grup Andreu Projectes Industrials va participar, el dimecres 26 de novembre, en el F\u00f2rum Empresa &amp; IA: reflexions sobre l\u2019impacte de la intel\u00b7lig\u00e8ncia artificial a les empreses, organitzat per la Cambra de Comer\u00e7 de Valls amb el t\u00edtol de: F\u00f2rum Empresa &amp; IA: Valls lidera. Alt rendiment amb IA.\" \/>\n<meta property=\"og:url\" content=\"https:\/\/andreumanteniment.com\/es\/news\/el-grup-andreu-participa-en-el-primer-forum-empresa-ia\/\" \/>\n<meta property=\"og:site_name\" content=\"Andreu Manteniment\" \/>\n<meta property=\"article:publisher\" content=\"https:\/\/www.facebook.com\/andreumanteniment\" \/>\n<meta property=\"article:published_time\" content=\"2025-12-02T13:55:20+00:00\" \/>\n<meta property=\"article:modified_time\" content=\"2025-12-02T15:03:04+00:00\" \/>\n<meta property=\"og:image\" content=\"https:\/\/andreumanteniment.com\/wp-content\/uploads\/2025\/12\/PONENCIA-PAU.jpg\" \/>\n\t<meta property=\"og:image:width\" content=\"1920\" \/>\n\t<meta property=\"og:image:height\" content=\"1440\" \/>\n\t<meta property=\"og:image:type\" content=\"image\/jpeg\" \/>\n<meta name=\"author\" content=\"tgd\" \/>\n<meta name=\"twitter:card\" content=\"summary_large_image\" \/>\n<meta name=\"twitter:label1\" content=\"Escrito por\" \/>\n\t<meta name=\"twitter:data1\" content=\"tgd\" \/>\n\t<meta name=\"twitter:label2\" content=\"Tiempo de lectura\" \/>\n\t<meta name=\"twitter:data2\" content=\"4 minutos\" \/>\n<script type=\"application\/ld+json\" class=\"yoast-schema-graph\">{\"@context\":\"https:\/\/schema.org\",\"@graph\":[{\"@type\":\"Article\",\"@id\":\"https:\/\/andreumanteniment.com\/news\/el-grup-andreu-participa-en-el-primer-forum-empresa-ia\/#article\",\"isPartOf\":{\"@id\":\"https:\/\/andreumanteniment.com\/news\/el-grup-andreu-participa-en-el-primer-forum-empresa-ia\/\"},\"author\":{\"name\":\"tgd\",\"@id\":\"http:\/\/andreumanteniment.com\/#\/schema\/person\/029a733ac07a94f0303f1871424b709a\"},\"headline\":\"El Grup Andreu participa en el primer F\u00f2rum Empresa &amp; IA\",\"datePublished\":\"2025-12-02T13:55:20+00:00\",\"dateModified\":\"2025-12-02T15:03:04+00:00\",\"mainEntityOfPage\":{\"@id\":\"https:\/\/andreumanteniment.com\/news\/el-grup-andreu-participa-en-el-primer-forum-empresa-ia\/\"},\"wordCount\":452,\"publisher\":{\"@id\":\"http:\/\/andreumanteniment.com\/#organization\"},\"image\":{\"@id\":\"https:\/\/andreumanteniment.com\/news\/el-grup-andreu-participa-en-el-primer-forum-empresa-ia\/#primaryimage\"},\"thumbnailUrl\":\"https:\/\/andreumanteniment.com\/wp-content\/uploads\/2025\/12\/PONENCIA-PAU.jpg\",\"keywords\":[\"Digitalitzaci\u00f3\",\"Estrat\u00e8gia\",\"IA\",\"Intelig\u00e8ncia Artificial\"],\"articleSection\":[\"News\"],\"inLanguage\":\"es\"},{\"@type\":\"WebPage\",\"@id\":\"https:\/\/andreumanteniment.com\/news\/el-grup-andreu-participa-en-el-primer-forum-empresa-ia\/\",\"url\":\"https:\/\/andreumanteniment.com\/news\/el-grup-andreu-participa-en-el-primer-forum-empresa-ia\/\",\"name\":\"El Grup Andreu participa en el primer F\u00f2rum Empresa &amp; IA - Andreu Manteniment\",\"isPartOf\":{\"@id\":\"http:\/\/andreumanteniment.com\/#website\"},\"primaryImageOfPage\":{\"@id\":\"https:\/\/andreumanteniment.com\/news\/el-grup-andreu-participa-en-el-primer-forum-empresa-ia\/#primaryimage\"},\"image\":{\"@id\":\"https:\/\/andreumanteniment.com\/news\/el-grup-andreu-participa-en-el-primer-forum-empresa-ia\/#primaryimage\"},\"thumbnailUrl\":\"https:\/\/andreumanteniment.com\/wp-content\/uploads\/2025\/12\/PONENCIA-PAU.jpg\",\"datePublished\":\"2025-12-02T13:55:20+00:00\",\"dateModified\":\"2025-12-02T15:03:04+00:00\",\"description\":\"El Grup Andreu Projectes Industrials va participar, el dimecres 26 de novembre, en el F\u00f2rum Empresa & IA: reflexions sobre l\u2019impacte de la intel\u00b7lig\u00e8ncia artificial a les empreses, organitzat per la Cambra de Comer\u00e7 de Valls amb el t\u00edtol de: F\u00f2rum Empresa & IA: Valls lidera. Alt rendiment amb IA.\",\"breadcrumb\":{\"@id\":\"https:\/\/andreumanteniment.com\/news\/el-grup-andreu-participa-en-el-primer-forum-empresa-ia\/#breadcrumb\"},\"inLanguage\":\"es\",\"potentialAction\":[{\"@type\":\"ReadAction\",\"target\":[\"https:\/\/andreumanteniment.com\/news\/el-grup-andreu-participa-en-el-primer-forum-empresa-ia\/\"]}]},{\"@type\":\"ImageObject\",\"inLanguage\":\"es\",\"@id\":\"https:\/\/andreumanteniment.com\/news\/el-grup-andreu-participa-en-el-primer-forum-empresa-ia\/#primaryimage\",\"url\":\"https:\/\/andreumanteniment.com\/wp-content\/uploads\/2025\/12\/PONENCIA-PAU.jpg\",\"contentUrl\":\"https:\/\/andreumanteniment.com\/wp-content\/uploads\/2025\/12\/PONENCIA-PAU.jpg\",\"width\":1920,\"height\":1440,\"caption\":\"F\u00f2rum Empresa & IA: Valls lidera. Cambra Valls\"},{\"@type\":\"BreadcrumbList\",\"@id\":\"https:\/\/andreumanteniment.com\/news\/el-grup-andreu-participa-en-el-primer-forum-empresa-ia\/#breadcrumb\",\"itemListElement\":[{\"@type\":\"ListItem\",\"position\":1,\"name\":\"Inici\",\"item\":\"https:\/\/andreumanteniment.com\/\"},{\"@type\":\"ListItem\",\"position\":2,\"name\":\"El Grup Andreu participa en el primer F\u00f2rum Empresa &amp; IA\"}]},{\"@type\":\"WebSite\",\"@id\":\"http:\/\/andreumanteniment.com\/#website\",\"url\":\"http:\/\/andreumanteniment.com\/\",\"name\":\"Andreu Manteniment\",\"description\":\"Andreu Manteniment Industrial\",\"publisher\":{\"@id\":\"http:\/\/andreumanteniment.com\/#organization\"},\"potentialAction\":[{\"@type\":\"SearchAction\",\"target\":{\"@type\":\"EntryPoint\",\"urlTemplate\":\"http:\/\/andreumanteniment.com\/?s={search_term_string}\"},\"query-input\":{\"@type\":\"PropertyValueSpecification\",\"valueRequired\":true,\"valueName\":\"search_term_string\"}}],\"inLanguage\":\"es\"},{\"@type\":\"Organization\",\"@id\":\"http:\/\/andreumanteniment.com\/#organization\",\"name\":\"Andreu Manteniment Industrial\",\"url\":\"http:\/\/andreumanteniment.com\/\",\"logo\":{\"@type\":\"ImageObject\",\"inLanguage\":\"es\",\"@id\":\"http:\/\/andreumanteniment.com\/#\/schema\/logo\/image\/\",\"url\":\"https:\/\/andreumanteniment.com\/wp-content\/uploads\/2022\/02\/logo-aManteniment.svg\",\"contentUrl\":\"https:\/\/andreumanteniment.com\/wp-content\/uploads\/2022\/02\/logo-aManteniment.svg\",\"width\":\"1024\",\"height\":\"1024\",\"caption\":\"Andreu Manteniment Industrial\"},\"image\":{\"@id\":\"http:\/\/andreumanteniment.com\/#\/schema\/logo\/image\/\"},\"sameAs\":[\"https:\/\/www.facebook.com\/andreumanteniment\",\"https:\/\/www.linkedin.com\/company\/andreumanteniments\/about\/\",\"https:\/\/www.instagram.com\/andreumanteniment\/\"]},{\"@type\":\"Person\",\"@id\":\"http:\/\/andreumanteniment.com\/#\/schema\/person\/029a733ac07a94f0303f1871424b709a\",\"name\":\"tgd\",\"image\":{\"@type\":\"ImageObject\",\"inLanguage\":\"es\",\"@id\":\"http:\/\/andreumanteniment.com\/#\/schema\/person\/image\/\",\"url\":\"https:\/\/secure.gravatar.com\/avatar\/a2d7e40e89d467ba5c5c4e1af71c136746d5598b73f538e3a263e569bf4b4666?s=96&d=mm&r=g\",\"contentUrl\":\"https:\/\/secure.gravatar.com\/avatar\/a2d7e40e89d467ba5c5c4e1af71c136746d5598b73f538e3a263e569bf4b4666?s=96&d=mm&r=g\",\"caption\":\"tgd\"},\"url\":\"https:\/\/andreumanteniment.com\/es\/author\/tgd\/\"}]}<\/script>\n<!-- \/ Yoast SEO plugin. -->","yoast_head_json":{"title":"El Grup Andreu participa en el primer F\u00f2rum Empresa &amp; IA - Andreu Manteniment","description":"El Grup Andreu Projectes Industrials va participar, el dimecres 26 de novembre, en el F\u00f2rum Empresa & IA: reflexions sobre l\u2019impacte de la intel\u00b7lig\u00e8ncia artificial a les empreses, organitzat per la Cambra de Comer\u00e7 de Valls amb el t\u00edtol de: F\u00f2rum Empresa & IA: Valls lidera. Alt rendiment amb IA.","robots":{"index":"index","follow":"follow","max-snippet":"max-snippet:-1","max-image-preview":"max-image-preview:large","max-video-preview":"max-video-preview:-1"},"canonical":"https:\/\/andreumanteniment.com\/es\/news\/el-grup-andreu-participa-en-el-primer-forum-empresa-ia\/","og_locale":"es_ES","og_type":"article","og_title":"El Grup Andreu participa en el primer F\u00f2rum Empresa &amp; IA - Andreu Manteniment","og_description":"El Grup Andreu Projectes Industrials va participar, el dimecres 26 de novembre, en el F\u00f2rum Empresa & IA: reflexions sobre l\u2019impacte de la intel\u00b7lig\u00e8ncia artificial a les empreses, organitzat per la Cambra de Comer\u00e7 de Valls amb el t\u00edtol de: F\u00f2rum Empresa & IA: Valls lidera. Alt rendiment amb IA.","og_url":"https:\/\/andreumanteniment.com\/es\/news\/el-grup-andreu-participa-en-el-primer-forum-empresa-ia\/","og_site_name":"Andreu Manteniment","article_publisher":"https:\/\/www.facebook.com\/andreumanteniment","article_published_time":"2025-12-02T13:55:20+00:00","article_modified_time":"2025-12-02T15:03:04+00:00","og_image":[{"width":1920,"height":1440,"url":"https:\/\/andreumanteniment.com\/wp-content\/uploads\/2025\/12\/PONENCIA-PAU.jpg","type":"image\/jpeg"}],"author":"tgd","twitter_card":"summary_large_image","twitter_misc":{"Escrito por":"tgd","Tiempo de lectura":"4 minutos"},"schema":{"@context":"https:\/\/schema.org","@graph":[{"@type":"Article","@id":"https:\/\/andreumanteniment.com\/news\/el-grup-andreu-participa-en-el-primer-forum-empresa-ia\/#article","isPartOf":{"@id":"https:\/\/andreumanteniment.com\/news\/el-grup-andreu-participa-en-el-primer-forum-empresa-ia\/"},"author":{"name":"tgd","@id":"http:\/\/andreumanteniment.com\/#\/schema\/person\/029a733ac07a94f0303f1871424b709a"},"headline":"El Grup Andreu participa en el primer F\u00f2rum Empresa &amp; IA","datePublished":"2025-12-02T13:55:20+00:00","dateModified":"2025-12-02T15:03:04+00:00","mainEntityOfPage":{"@id":"https:\/\/andreumanteniment.com\/news\/el-grup-andreu-participa-en-el-primer-forum-empresa-ia\/"},"wordCount":452,"publisher":{"@id":"http:\/\/andreumanteniment.com\/#organization"},"image":{"@id":"https:\/\/andreumanteniment.com\/news\/el-grup-andreu-participa-en-el-primer-forum-empresa-ia\/#primaryimage"},"thumbnailUrl":"https:\/\/andreumanteniment.com\/wp-content\/uploads\/2025\/12\/PONENCIA-PAU.jpg","keywords":["Digitalitzaci\u00f3","Estrat\u00e8gia","IA","Intelig\u00e8ncia Artificial"],"articleSection":["News"],"inLanguage":"es"},{"@type":"WebPage","@id":"https:\/\/andreumanteniment.com\/news\/el-grup-andreu-participa-en-el-primer-forum-empresa-ia\/","url":"https:\/\/andreumanteniment.com\/news\/el-grup-andreu-participa-en-el-primer-forum-empresa-ia\/","name":"El Grup Andreu participa en el primer F\u00f2rum Empresa &amp; IA - Andreu Manteniment","isPartOf":{"@id":"http:\/\/andreumanteniment.com\/#website"},"primaryImageOfPage":{"@id":"https:\/\/andreumanteniment.com\/news\/el-grup-andreu-participa-en-el-primer-forum-empresa-ia\/#primaryimage"},"image":{"@id":"https:\/\/andreumanteniment.com\/news\/el-grup-andreu-participa-en-el-primer-forum-empresa-ia\/#primaryimage"},"thumbnailUrl":"https:\/\/andreumanteniment.com\/wp-content\/uploads\/2025\/12\/PONENCIA-PAU.jpg","datePublished":"2025-12-02T13:55:20+00:00","dateModified":"2025-12-02T15:03:04+00:00","description":"El Grup Andreu Projectes Industrials va participar, el dimecres 26 de novembre, en el F\u00f2rum Empresa & IA: reflexions sobre l\u2019impacte de la intel\u00b7lig\u00e8ncia artificial a les empreses, organitzat per la Cambra de Comer\u00e7 de Valls amb el t\u00edtol de: F\u00f2rum Empresa & IA: Valls lidera. Alt rendiment amb IA.","breadcrumb":{"@id":"https:\/\/andreumanteniment.com\/news\/el-grup-andreu-participa-en-el-primer-forum-empresa-ia\/#breadcrumb"},"inLanguage":"es","potentialAction":[{"@type":"ReadAction","target":["https:\/\/andreumanteniment.com\/news\/el-grup-andreu-participa-en-el-primer-forum-empresa-ia\/"]}]},{"@type":"ImageObject","inLanguage":"es","@id":"https:\/\/andreumanteniment.com\/news\/el-grup-andreu-participa-en-el-primer-forum-empresa-ia\/#primaryimage","url":"https:\/\/andreumanteniment.com\/wp-content\/uploads\/2025\/12\/PONENCIA-PAU.jpg","contentUrl":"https:\/\/andreumanteniment.com\/wp-content\/uploads\/2025\/12\/PONENCIA-PAU.jpg","width":1920,"height":1440,"caption":"F\u00f2rum Empresa & IA: Valls lidera. Cambra Valls"},{"@type":"BreadcrumbList","@id":"https:\/\/andreumanteniment.com\/news\/el-grup-andreu-participa-en-el-primer-forum-empresa-ia\/#breadcrumb","itemListElement":[{"@type":"ListItem","position":1,"name":"Inici","item":"https:\/\/andreumanteniment.com\/"},{"@type":"ListItem","position":2,"name":"El Grup Andreu participa en el primer F\u00f2rum Empresa &amp; IA"}]},{"@type":"WebSite","@id":"http:\/\/andreumanteniment.com\/#website","url":"http:\/\/andreumanteniment.com\/","name":"Andreu Mantenimiento","description":"Andreu Manteniment Industrial","publisher":{"@id":"http:\/\/andreumanteniment.com\/#organization"},"potentialAction":[{"@type":"SearchAction","target":{"@type":"EntryPoint","urlTemplate":"http:\/\/andreumanteniment.com\/?s={search_term_string}"},"query-input":{"@type":"PropertyValueSpecification","valueRequired":true,"valueName":"search_term_string"}}],"inLanguage":"es"},{"@type":"Organization","@id":"http:\/\/andreumanteniment.com\/#organization","name":"Andreu Manteniment Industrial","url":"http:\/\/andreumanteniment.com\/","logo":{"@type":"ImageObject","inLanguage":"es","@id":"http:\/\/andreumanteniment.com\/#\/schema\/logo\/image\/","url":"https:\/\/andreumanteniment.com\/wp-content\/uploads\/2022\/02\/logo-aManteniment.svg","contentUrl":"https:\/\/andreumanteniment.com\/wp-content\/uploads\/2022\/02\/logo-aManteniment.svg","width":"1024","height":"1024","caption":"Andreu Manteniment Industrial"},"image":{"@id":"http:\/\/andreumanteniment.com\/#\/schema\/logo\/image\/"},"sameAs":["https:\/\/www.facebook.com\/andreumanteniment","https:\/\/www.linkedin.com\/company\/andreumanteniments\/about\/","https:\/\/www.instagram.com\/andreumanteniment\/"]},{"@type":"Person","@id":"http:\/\/andreumanteniment.com\/#\/schema\/person\/029a733ac07a94f0303f1871424b709a","name":"tgd","image":{"@type":"ImageObject","inLanguage":"es","@id":"http:\/\/andreumanteniment.com\/#\/schema\/person\/image\/","url":"https:\/\/secure.gravatar.com\/avatar\/a2d7e40e89d467ba5c5c4e1af71c136746d5598b73f538e3a263e569bf4b4666?s=96&d=mm&r=g","contentUrl":"https:\/\/secure.gravatar.com\/avatar\/a2d7e40e89d467ba5c5c4e1af71c136746d5598b73f538e3a263e569bf4b4666?s=96&d=mm&r=g","caption":"tgd"},"url":"https:\/\/andreumanteniment.com\/es\/author\/tgd\/"}]}},"_links":{"self":[{"href":"https:\/\/andreumanteniment.com\/es\/wp-json\/wp\/v2\/posts\/37537","targetHints":{"allow":["GET"]}}],"collection":[{"href":"https:\/\/andreumanteniment.com\/es\/wp-json\/wp\/v2\/posts"}],"about":[{"href":"https:\/\/andreumanteniment.com\/es\/wp-json\/wp\/v2\/types\/post"}],"author":[{"embeddable":true,"href":"https:\/\/andreumanteniment.com\/es\/wp-json\/wp\/v2\/users\/1"}],"replies":[{"embeddable":true,"href":"https:\/\/andreumanteniment.com\/es\/wp-json\/wp\/v2\/comments?post=37537"}],"version-history":[{"count":7,"href":"https:\/\/andreumanteniment.com\/es\/wp-json\/wp\/v2\/posts\/37537\/revisions"}],"predecessor-version":[{"id":37552,"href":"https:\/\/andreumanteniment.com\/es\/wp-json\/wp\/v2\/posts\/37537\/revisions\/37552"}],"wp:featuredmedia":[{"embeddable":true,"href":"https:\/\/andreumanteniment.com\/es\/wp-json\/wp\/v2\/media\/37539"}],"wp:attachment":[{"href":"https:\/\/andreumanteniment.com\/es\/wp-json\/wp\/v2\/media?parent=37537"}],"wp:term":[{"taxonomy":"category","embeddable":true,"href":"https:\/\/andreumanteniment.com\/es\/wp-json\/wp\/v2\/categories?post=37537"},{"taxonomy":"post_tag","embeddable":true,"href":"https:\/\/andreumanteniment.com\/es\/wp-json\/wp\/v2\/tags?post=37537"}],"curies":[{"name":"wp","href":"https:\/\/api.w.org\/{rel}","templated":true}]}}